{"id":635,"date":"2024-03-19T16:36:45","date_gmt":"2024-03-19T15:36:45","guid":{"rendered":"https:\/\/weblog.uncasapart.fr\/?p=635"},"modified":"2025-03-27T10:53:08","modified_gmt":"2025-03-27T09:53:08","slug":"sud-global-et-occident-collectif","status":"publish","type":"post","link":"https:\/\/weblog.uncasapart.fr\/index.php\/2024\/03\/19\/sud-global-et-occident-collectif\/","title":{"rendered":"\u00ab\u00a0Sud global\u00a0\u00bb et \u00ab\u00a0Occident collectif\u00a0\u00bb"},"content":{"rendered":"\n<p>Je n&rsquo;ai pas cherch\u00e9 l&rsquo;origine exacte de \u00ab\u00a0sud global\u00a0\u00bb et d'\u00a0\u00bboccident collectif\u00a0\u00bb qu&rsquo;on entend de plus en plus. C&rsquo;est tellement manich\u00e9en que \u00e7a pue la propagande sovi\u00e9t&#8230; russe \ud83c\uddf7\ud83c\uddfa. <br><br>N&rsquo;oublions jamais que contrairement \u00e0 ce que Poutine veut faire croire, cette guerre n&rsquo;est en aucun cas une opposition de l&rsquo;occident \u00e0 ce qui reste de l&rsquo;ancien bloc de l&rsquo;Est qui se cherche des alli\u00e9s pour lutter contre un \u00ab\u00a0imp\u00e9rialisme occidental\u00a0\u00bb. Elle n&rsquo;a rien \u00e0 voir avec une avanc\u00e9e de l&rsquo;OTAN, un imp\u00e9rialisme am\u00e9ricain ou avec des nazis qui auraient vol\u00e9 le pouvoir en Ukraine pour y massacrer ensuite les Russes du Donbass que la Russie devrait \u00e0 tout prix aller prot\u00e9ger. Tout ceci ne sont que fables cr\u00e9\u00e9es de toutes pi\u00e8ces pour faire avaler la pilule aux Russes sacrifi\u00e9s et par la m\u00eame occasion scinder nos populations en y semant la zizanie en raison des doutes insidieusement plac\u00e9s dans l&rsquo;esprit des victimes de cette propagande. Tous ces nouveaux termes comme les \u00ab\u00a0d\u00e9cisions escalatoires\u00a0\u00bb menant \u00e0 la \u00ab\u00a0cobellig\u00e9rance\u00a0\u00bb partagent les m\u00eames buts tout en y ajoutant la peur. La Russie \ud83c\uddf7\ud83c\uddfa veut que nos soci\u00e9t\u00e9s en partie fig\u00e9es par la peur, trop occup\u00e9es \u00e0 ne pas se fracturer, soient totalement immobilis\u00e9es, emp\u00each\u00e9es de r\u00e9agir, lui laissant le champ libre. <br><br>L&rsquo;Ukraine \ud83c\uddfa\ud83c\udde6, \u00c9tat souverain d\u00e9mocratique, a vu ses fronti\u00e8res, internationalement reconnues depuis 1991, viol\u00e9es depuis 2014 par la Russie. <\/p>\n\n\n\n<p>Il n&rsquo;est pas acceptable ni m\u00eame possible de laisser ainsi bouger les fronti\u00e8res par la force et des faux pr\u00e9textes en d\u00e9pit du Droit International. Et surtout pas celles d&rsquo;un pays voisin, \u00e0 moins de 2000km de la France et qui partage 1400km de fronti\u00e8res avec l&rsquo;Union Europ\u00e9enne. <br><br>\u00ab\u00a0L&rsquo;occident\u00a0\u00bb autrement dit les pays d\u00e9mocratiques, libres, pour la plupart vainqueurs de la 2nde guerre mondiale face au nazisme et ceux qui ont su \u00e9voluer depuis lors, n&rsquo;a aucune envie de faire la guerre \u00e0 qui que ce soit. <\/p>\n\n\n\n<p>L&rsquo;URSS, redevenue Russie en 1991, qui finit dans le camp des vainqueurs de la 2nde Guerre Mondiale en 1945 avait conclu le 23 ao\u00fbt 1939, <a href=\"https:\/\/fr.wikipedia.org\/wiki\/Pacte_germano-sovi%C3%A9tique\">un pacte de non agression<\/a> avec le 3eme Reich. Elle f\u00fbt trahie par Hitler lors de l&rsquo;<a href=\"https:\/\/fr.wikipedia.org\/wiki\/Op%C3%A9ration_Barbarossa\">Op\u00e9ration Barbarossa<\/a> lanc\u00e9e le 22 juin 1941. Ce pacte aussi nomm\u00e9 Molotov\u2013Ribbentrop, du nom des ministres signataires, permettait aussi \u00e0 l&rsquo;URSS de d\u00e9finir avec le Reich allemand des \u00ab\u00a0sph\u00e8res d&rsquo;influence\u00a0\u00bb en Europe sans tenir compte de la souverainet\u00e9 des pays concern\u00e9s dont les fronti\u00e8res finirent par \u00eatre redessin\u00e9es quand ils n&rsquo;ont pas \u00e9t\u00e9 totalement annex\u00e9s. Ainsi \u00e0 peine plus d&rsquo;une semaine apr\u00e8s la signature du pacte de non agression, le 3 septembre 1939 la Pologne \u00e9tait envahie par l&rsquo;Allemagne de Hitler. \u00c0 l&rsquo;issue de la seconde guerre mondiale, nomm\u00e9e \u00ab\u00a0Grande Guerre Patriotique\u00a0\u00bb par l&rsquo;URSS\/Russie (qui la fait d\u00e9buter avec la trahison allemande), elle r\u00e9cup\u00e9ra sa part du pays conform\u00e9ment \u00e0 sa \u00ab\u00a0sph\u00e8re d&rsquo;influence\u00a0\u00bb d\u00e9finie dans l&rsquo;accord. <\/p>\n\n\n\n<p><strong>La Russie \ud83c\uddf7\ud83c\uddfa<\/strong> <strong>a-t-elle \u00e9volu\u00e9 depuis la signature du p<strong>acte germano-sovi\u00e9tique<\/strong> avec le 3eme Reich nazi? <\/strong><\/p>\n\n\n\n<p>Depuis 10 ans l&rsquo;Ukraine \ud83c\uddfa\ud83c\udde6, contrairement au Belarus voisin, refuse d&rsquo;\u00eatre dans la \u00ab\u00a0sph\u00e8re d&rsquo;influence\u00a0\u00bb de la Russie, elle refuse la totale soumission \u00e0 cette derni\u00e8re qui s&rsquo;impose alors par la force. <\/p>\n\n\n\n<figure class=\"wp-block-image size-large\"><img loading=\"lazy\" decoding=\"async\" width=\"1024\" height=\"654\" src=\"https:\/\/weblog.uncasapart.fr\/wp-content\/uploads\/2024\/03\/6fjiG-vote-sur-la-suspension-du-statut-de-membre-du-conseil-des-droits-de-l-homme-des-nations-unies-de-la-russie-nbsp--1024x654.png\" alt=\"R\u00e9sultat du vote sur une r\u00e9solution \u00e0 l\u2019ONU visant \u00e0 suspendre la Russie du Conseil des droits de l\u2019homme des Nations Unies\" class=\"wp-image-657\" srcset=\"https:\/\/weblog.uncasapart.fr\/wp-content\/uploads\/2024\/03\/6fjiG-vote-sur-la-suspension-du-statut-de-membre-du-conseil-des-droits-de-l-homme-des-nations-unies-de-la-russie-nbsp--1024x654.png 1024w, https:\/\/weblog.uncasapart.fr\/wp-content\/uploads\/2024\/03\/6fjiG-vote-sur-la-suspension-du-statut-de-membre-du-conseil-des-droits-de-l-homme-des-nations-unies-de-la-russie-nbsp--300x192.png 300w, https:\/\/weblog.uncasapart.fr\/wp-content\/uploads\/2024\/03\/6fjiG-vote-sur-la-suspension-du-statut-de-membre-du-conseil-des-droits-de-l-homme-des-nations-unies-de-la-russie-nbsp--768x491.png 768w, https:\/\/weblog.uncasapart.fr\/wp-content\/uploads\/2024\/03\/6fjiG-vote-sur-la-suspension-du-statut-de-membre-du-conseil-des-droits-de-l-homme-des-nations-unies-de-la-russie-nbsp-.png 1240w\" sizes=\"auto, (max-width: 1024px) 100vw, 1024px\" \/><\/figure>\n\n\n\n<p>Cette opposition \u00ab\u00a0sud global\u00a0\u00bb \/ \u00ab\u00a0occident collectif\u00a0\u00bb ressemble surtout \u00e0 une tentative de la Russie de s&rsquo;inventer la moiti\u00e9 sud de la plan\u00e8te comme alli\u00e9e \u00e0 sa folie. <br><br>Nous devons simplement refuser que ce soit la force et la brutalit\u00e9 unilat\u00e9rales qui brisent la stabilit\u00e9 mondiale \u00e9tablie. <br><br>Le Droit doit pr\u00e9valoir. Il faut utiliser la force pour le d\u00e9fendre en l&rsquo;absence d&rsquo;alternative, car la soumission devant l&rsquo;ennemi mena\u00e7ant tous les jours de l&rsquo;arme, m\u00eame nucl\u00e9aire, n&rsquo;est pas acceptable. <\/p>\n\n\n\n<p><\/p>\n","protected":false},"excerpt":{"rendered":"<p>Je n&rsquo;ai pas cherch\u00e9 l&rsquo;origine exacte de \u00ab\u00a0sud global\u00a0\u00bb et d&rsquo;\u00a0\u00bboccident collectif\u00a0\u00bb qu&rsquo;on entend de plus en plus. C&rsquo;est tellement manich\u00e9en que \u00e7a pue la&#8230;<\/p>\n","protected":false},"author":1,"featured_media":652,"comment_status":"closed","ping_status":"open","sticky":false,"template":"","format":"standard","meta":{"footnotes":""},"categories":[91],"tags":[97,96,92,104,105],"class_list":["post-635","post","type-post","status-publish","format-standard","has-post-thumbnail","hentry","category-guerre-ukraine","tag-propagande","tag-russie","tag-ukraine","tag-ww2","tag-ww3"],"_links":{"self":[{"href":"https:\/\/weblog.uncasapart.fr\/index.php\/wp-json\/wp\/v2\/posts\/635","targetHints":{"allow":["GET"]}}],"collection":[{"href":"https:\/\/weblog.uncasapart.fr\/index.php\/wp-json\/wp\/v2\/posts"}],"about":[{"href":"https:\/\/weblog.uncasapart.fr\/index.php\/wp-json\/wp\/v2\/types\/post"}],"author":[{"embeddable":true,"href":"https:\/\/weblog.uncasapart.fr\/index.php\/wp-json\/wp\/v2\/users\/1"}],"replies":[{"embeddable":true,"href":"https:\/\/weblog.uncasapart.fr\/index.php\/wp-json\/wp\/v2\/comments?post=635"}],"version-history":[{"count":6,"href":"https:\/\/weblog.uncasapart.fr\/index.php\/wp-json\/wp\/v2\/posts\/635\/revisions"}],"predecessor-version":[{"id":659,"href":"https:\/\/weblog.uncasapart.fr\/index.php\/wp-json\/wp\/v2\/posts\/635\/revisions\/659"}],"wp:featuredmedia":[{"embeddable":true,"href":"https:\/\/weblog.uncasapart.fr\/index.php\/wp-json\/wp\/v2\/media\/652"}],"wp:attachment":[{"href":"https:\/\/weblog.uncasapart.fr\/index.php\/wp-json\/wp\/v2\/media?parent=635"}],"wp:term":[{"taxonomy":"category","embeddable":true,"href":"https:\/\/weblog.uncasapart.fr\/index.php\/wp-json\/wp\/v2\/categories?post=635"},{"taxonomy":"post_tag","embeddable":true,"href":"https:\/\/weblog.uncasapart.fr\/index.php\/wp-json\/wp\/v2\/tags?post=635"}],"curies":[{"name":"wp","href":"https:\/\/api.w.org\/{rel}","templated":true}]}}